{"id":958,"date":"2026-04-30T10:01:32","date_gmt":"2026-04-30T10:01:32","guid":{"rendered":"https:\/\/nerjaparadiserentals.com\/blog\/cruces-de-mayo-en-nerja-2026\/"},"modified":"2026-04-30T19:13:26","modified_gmt":"2026-04-30T19:13:26","slug":"cruces-de-mayo-en-nerja-2026","status":"publish","type":"post","link":"https:\/\/nerjaparadiserentals.com\/blog\/es\/cruces-de-mayo-en-nerja-2026\/","title":{"rendered":"Cruces de Mayo en Nerja 2026"},"content":{"rendered":"\t\t<div data-elementor-type=\"wp-post\" data-elementor-id=\"958\" class=\"elementor elementor-958 elementor-928\">\n\t\t\t\t\t\t\t\t\t<section class=\"elementor-section elementor-top-section elementor-element elementor-element-3ecca46 elementor-section-boxed elementor-section-height-default elementor-section-height-default\" data-id=\"3ecca46\" data-element_type=\"section\">\n\t\t\t\t\t\t<div class=\"elementor-container elementor-column-gap-default\">\n\t\t\t\t\t<div class=\"elementor-column elementor-col-100 elementor-top-column elementor-element elementor-element-98034d2\" data-id=\"98034d2\" data-element_type=\"column\">\n\t\t\t<div class=\"elementor-widget-wrap elementor-element-populated\">\n\t\t\t\t\t\t\t\t<div class=\"elementor-element elementor-element-92b5b1c elementor-widget elementor-widget-heading\" data-id=\"92b5b1c\" data-element_type=\"widget\" data-widget_type=\"heading.default\">\n\t\t\t\t<div class=\"elementor-widget-container\">\n\t\t\t<style>\/*! elementor - v3.13.0 - 08-05-2023 *\/\n.elementor-heading-title{padding:0;margin:0;line-height:1}.elementor-widget-heading .elementor-heading-title[class*=elementor-size-]>a{color:inherit;font-size:inherit;line-height:inherit}.elementor-widget-heading .elementor-heading-title.elementor-size-small{font-size:15px}.elementor-widget-heading .elementor-heading-title.elementor-size-medium{font-size:19px}.elementor-widget-heading .elementor-heading-title.elementor-size-large{font-size:29px}.elementor-widget-heading .elementor-heading-title.elementor-size-xl{font-size:39px}.elementor-widget-heading .elementor-heading-title.elementor-size-xxl{font-size:59px}<\/style><h1 class=\"elementor-heading-title elementor-size-default\">Cruces de Mayo en Nerja 2026<\/h1>\t\t<\/div>\n\t\t\t\t<\/div>\n\t\t\t\t<div class=\"elementor-element elementor-element-1924a05 elementor-widget elementor-widget-text-editor\" data-id=\"1924a05\" data-element_type=\"widget\" data-widget_type=\"text-editor.default\">\n\t\t\t\t<div class=\"elementor-widget-container\">\n\t\t\t<style>\/*! elementor - v3.13.0 - 08-05-2023 *\/\n.elementor-widget-text-editor.elementor-drop-cap-view-stacked .elementor-drop-cap{background-color:#69727d;color:#fff}.elementor-widget-text-editor.elementor-drop-cap-view-framed .elementor-drop-cap{color:#69727d;border:3px solid;background-color:transparent}.elementor-widget-text-editor:not(.elementor-drop-cap-view-default) .elementor-drop-cap{margin-top:8px}.elementor-widget-text-editor:not(.elementor-drop-cap-view-default) .elementor-drop-cap-letter{width:1em;height:1em}.elementor-widget-text-editor .elementor-drop-cap{float:left;text-align:center;line-height:1;font-size:50px}.elementor-widget-text-editor .elementor-drop-cap-letter{display:inline-block}<\/style>\t\t\t\t<p>Las Cruces de Mayo son una de las celebraciones m\u00e1s coloridas y tradicionales de Nerja, donde calles, plazas y rincones se llenan de cruces decoradas con flores, mantones y elementos t\u00edpicos andaluces. Durante <strong>el d\u00eda del 3 de mayo<\/strong>, vecinos y visitantes pueden recorrer el municipio siguiendo un itinerario lleno de arte, m\u00fasica y ambiente festivo, disfrutando adem\u00e1s de actuaciones en directo y gastronom\u00eda local. Te invitamos a descubrir cada una de las cruces con el plano que encontrar\u00e1s a continuaci\u00f3n y sumergirte en esta aut\u00e9ntica expresi\u00f3n de la cultura nerje\u00f1a. <\/p>\t\t\t\t\t\t<\/div>\n\t\t\t\t<\/div>\n\t\t\t\t<div class=\"elementor-element elementor-element-dbd5335 elementor-widget elementor-widget-heading\" data-id=\"dbd5335\" data-element_type=\"widget\" data-widget_type=\"heading.default\">\n\t\t\t\t<div class=\"elementor-widget-container\">\n\t\t\t<h1 class=\"elementor-heading-title elementor-size-default\">Plano de Cruces D\u00eda de la Cruz en Nerja 2026<\/h1>\t\t<\/div>\n\t\t\t\t<\/div>\n\t\t\t\t<div class=\"elementor-element elementor-element-32694dc elementor-widget elementor-widget-image\" data-id=\"32694dc\" data-element_type=\"widget\" data-widget_type=\"image.default\">\n\t\t\t\t<div class=\"elementor-widget-container\">\n\t\t\t<style>\/*! elementor - v3.13.0 - 08-05-2023 *\/\n.elementor-widget-image{text-align:center}.elementor-widget-image a{display:inline-block}.elementor-widget-image a img[src$=\".svg\"]{width:48px}.elementor-widget-image img{vertical-align:middle;display:inline-block}<\/style>\t\t\t\t\t\t\t\t\t\t\t\t<img loading=\"lazy\" decoding=\"async\" width=\"1280\" height=\"899\" src=\"https:\/\/nerjaparadiserentals.com\/blog\/wp-content\/uploads\/2026\/04\/npr-plano-de-cruces-nerja-2026.jpg\" class=\"attachment-full size-full wp-image-953\" alt=\"plano cruces nerja 2026\" srcset=\"https:\/\/nerjaparadiserentals.com\/blog\/wp-content\/uploads\/2026\/04\/npr-plano-de-cruces-nerja-2026.jpg 1280w, https:\/\/nerjaparadiserentals.com\/blog\/wp-content\/uploads\/2026\/04\/npr-plano-de-cruces-nerja-2026-768x539.jpg 768w\" sizes=\"auto, (max-width: 1280px) 100vw, 1280px\" \/>\t\t\t\t\t\t\t\t\t\t\t\t\t\t\t<\/div>\n\t\t\t\t<\/div>\n\t\t\t\t<div class=\"elementor-element elementor-element-d1b5da5 elementor-widget elementor-widget-spacer\" data-id=\"d1b5da5\" data-element_type=\"widget\" data-widget_type=\"spacer.default\">\n\t\t\t\t<div class=\"elementor-widget-container\">\n\t\t\t<style>\/*! elementor - v3.13.0 - 08-05-2023 *\/\n.elementor-column .elementor-spacer-inner{height:var(--spacer-size)}.e-con{--container-widget-width:100%}.e-con-inner>.elementor-widget-spacer,.e-con>.elementor-widget-spacer{width:var(--container-widget-width,var(--spacer-size));--align-self:var(--container-widget-align-self,initial);--flex-shrink:0}.e-con-inner>.elementor-widget-spacer>.elementor-widget-container,.e-con-inner>.elementor-widget-spacer>.elementor-widget-container>.elementor-spacer,.e-con>.elementor-widget-spacer>.elementor-widget-container,.e-con>.elementor-widget-spacer>.elementor-widget-container>.elementor-spacer{height:100%}.e-con-inner>.elementor-widget-spacer>.elementor-widget-container>.elementor-spacer>.elementor-spacer-inner,.e-con>.elementor-widget-spacer>.elementor-widget-container>.elementor-spacer>.elementor-spacer-inner{height:var(--container-widget-height,var(--spacer-size))}<\/style>\t\t<div class=\"elementor-spacer\">\n\t\t\t<div class=\"elementor-spacer-inner\"><\/div>\n\t\t<\/div>\n\t\t\t\t<\/div>\n\t\t\t\t<\/div>\n\t\t\t\t<div class=\"elementor-element elementor-element-e11ce60 elementor-widget elementor-widget-heading\" data-id=\"e11ce60\" data-element_type=\"widget\" data-widget_type=\"heading.default\">\n\t\t\t\t<div class=\"elementor-widget-container\">\n\t\t\t<h1 class=\"elementor-heading-title elementor-size-default\">Horario de Actividades Cruces D\u00eda de La Cruz 2026<\/h1>\t\t<\/div>\n\t\t\t\t<\/div>\n\t\t\t\t<div class=\"elementor-element elementor-element-174d189 elementor-widget elementor-widget-image\" data-id=\"174d189\" data-element_type=\"widget\" data-widget_type=\"image.default\">\n\t\t\t\t<div class=\"elementor-widget-container\">\n\t\t\t\t\t\t\t\t\t\t\t\t\t\t\t<img loading=\"lazy\" decoding=\"async\" width=\"1280\" height=\"903\" src=\"https:\/\/nerjaparadiserentals.com\/blog\/wp-content\/uploads\/2026\/04\/npr-horario-actividades-dia-de-la-cruz-nerja-2026.jpg\" class=\"attachment-full size-full wp-image-950\" alt=\"horario actividades dia de la cruz nerja 2026\" srcset=\"https:\/\/nerjaparadiserentals.com\/blog\/wp-content\/uploads\/2026\/04\/npr-horario-actividades-dia-de-la-cruz-nerja-2026.jpg 1280w, https:\/\/nerjaparadiserentals.com\/blog\/wp-content\/uploads\/2026\/04\/npr-horario-actividades-dia-de-la-cruz-nerja-2026-768x542.jpg 768w\" sizes=\"auto, (max-width: 1280px) 100vw, 1280px\" \/>\t\t\t\t\t\t\t\t\t\t\t\t\t\t\t<\/div>\n\t\t\t\t<\/div>\n\t\t\t\t\t<\/div>\n\t\t<\/div>\n\t\t\t\t\t\t\t<\/div>\n\t\t<\/section>\n\t\t\t\t\t\t\t<\/div>\n\t\t","protected":false},"excerpt":{"rendered":"<p>Durante el d\u00eda del 3 de mayo, vecinos y visitantes pueden recorrer el municipio siguiendo un itinerario lleno de arte, m\u00fasica y ambiente festivo, disfrutando adem\u00e1s de actuaciones en directo y gastronom\u00eda local. Te invitamos a descubrir cada una de las cruces.<\/p>\n","protected":false},"author":2,"featured_media":963,"comment_status":"closed","ping_status":"open","sticky":false,"template":"","format":"standard","meta":{"footnotes":""},"categories":[3],"tags":[],"class_list":["post-958","post","type-post","status-publish","format-standard","has-post-thumbnail","hentry","category-sin-categorizar"],"yoast_head":"<!-- This site is optimized with the Yoast SEO plugin v20.7 - https:\/\/yoast.com\/wordpress\/plugins\/seo\/ -->\n<title>Cruces de Mayo en Nerja 2026 - Blog<\/title>\n<meta name=\"robots\" content=\"index, follow, max-snippet:-1, max-image-preview:large, max-video-preview:-1\" \/>\n<link rel=\"canonical\" href=\"https:\/\/nerjaparadiserentals.com\/blog\/es\/cruces-de-mayo-en-nerja-2026\/\" \/>\n<meta property=\"og:locale\" content=\"es_ES\" \/>\n<meta property=\"og:type\" content=\"article\" \/>\n<meta property=\"og:title\" content=\"Cruces de Mayo en Nerja 2026 - Blog\" \/>\n<meta property=\"og:description\" content=\"Durante el d\u00eda del 3 de mayo, vecinos y visitantes pueden recorrer el municipio siguiendo un itinerario lleno de arte, m\u00fasica y ambiente festivo, disfrutando adem\u00e1s de actuaciones en directo y gastronom\u00eda local. Te invitamos a descubrir cada una de las cruces.\" \/>\n<meta property=\"og:url\" content=\"https:\/\/nerjaparadiserentals.com\/blog\/es\/cruces-de-mayo-en-nerja-2026\/\" \/>\n<meta property=\"og:site_name\" content=\"Blog\" \/>\n<meta property=\"article:published_time\" content=\"2026-04-30T10:01:32+00:00\" \/>\n<meta property=\"article:modified_time\" content=\"2026-04-30T19:13:26+00:00\" \/>\n<meta property=\"og:image\" content=\"https:\/\/nerjaparadiserentals.com\/blog\/wp-content\/uploads\/2026\/04\/npr-dia-de-la-cruz.jpg\" \/>\n\t<meta property=\"og:image:width\" content=\"2000\" \/>\n\t<meta property=\"og:image:height\" content=\"1496\" \/>\n\t<meta property=\"og:image:type\" content=\"image\/jpeg\" \/>\n<meta name=\"author\" content=\"nerjaparadiserentals\" \/>\n<meta name=\"twitter:card\" content=\"summary_large_image\" \/>\n<meta name=\"twitter:label1\" content=\"Escrito por\" \/>\n\t<meta name=\"twitter:data1\" content=\"nerjaparadiserentals\" \/>\n\t<meta name=\"twitter:label2\" content=\"Tiempo de lectura\" \/>\n\t<meta name=\"twitter:data2\" content=\"1 minuto\" \/>\n<script type=\"application\/ld+json\" class=\"yoast-schema-graph\">{\"@context\":\"https:\/\/schema.org\",\"@graph\":[{\"@type\":\"WebPage\",\"@id\":\"https:\/\/nerjaparadiserentals.com\/blog\/es\/cruces-de-mayo-en-nerja-2026\/\",\"url\":\"https:\/\/nerjaparadiserentals.com\/blog\/es\/cruces-de-mayo-en-nerja-2026\/\",\"name\":\"Cruces de Mayo en Nerja 2026 - Blog\",\"isPartOf\":{\"@id\":\"https:\/\/nerjaparadiserentals.com\/blog\/es\/#website\"},\"datePublished\":\"2026-04-30T10:01:32+00:00\",\"dateModified\":\"2026-04-30T19:13:26+00:00\",\"author\":{\"@id\":\"https:\/\/nerjaparadiserentals.com\/blog\/es\/#\/schema\/person\/b173d3c9fb74671dec711c04eaff3616\"},\"breadcrumb\":{\"@id\":\"https:\/\/nerjaparadiserentals.com\/blog\/es\/cruces-de-mayo-en-nerja-2026\/#breadcrumb\"},\"inLanguage\":\"es\",\"potentialAction\":[{\"@type\":\"ReadAction\",\"target\":[\"https:\/\/nerjaparadiserentals.com\/blog\/es\/cruces-de-mayo-en-nerja-2026\/\"]}]},{\"@type\":\"BreadcrumbList\",\"@id\":\"https:\/\/nerjaparadiserentals.com\/blog\/es\/cruces-de-mayo-en-nerja-2026\/#breadcrumb\",\"itemListElement\":[{\"@type\":\"ListItem\",\"position\":1,\"name\":\"Portada\",\"item\":\"https:\/\/nerjaparadiserentals.com\/blog\/es\/\"},{\"@type\":\"ListItem\",\"position\":2,\"name\":\"Cruces de Mayo en Nerja 2026\"}]},{\"@type\":\"WebSite\",\"@id\":\"https:\/\/nerjaparadiserentals.com\/blog\/es\/#website\",\"url\":\"https:\/\/nerjaparadiserentals.com\/blog\/es\/\",\"name\":\"Nerja Villas and Apartments for rent in the Costa del Sol, Spain\",\"description\":\"Villas y apartamentos en alquiler en la Costa del Sol, Espa\u00f1a\",\"potentialAction\":[{\"@type\":\"SearchAction\",\"target\":{\"@type\":\"EntryPoint\",\"urlTemplate\":\"https:\/\/nerjaparadiserentals.com\/blog\/es\/?s={search_term_string}\"},\"query-input\":\"required name=search_term_string\"}],\"inLanguage\":\"es\"},{\"@type\":\"Person\",\"@id\":\"https:\/\/nerjaparadiserentals.com\/blog\/es\/#\/schema\/person\/b173d3c9fb74671dec711c04eaff3616\",\"name\":\"nerjaparadiserentals\",\"image\":{\"@type\":\"ImageObject\",\"inLanguage\":\"es\",\"@id\":\"https:\/\/nerjaparadiserentals.com\/blog\/es\/#\/schema\/person\/image\/\",\"url\":\"https:\/\/secure.gravatar.com\/avatar\/61d5af579676812bc527a04c7d7610da3e78bf497470cb50f89e0f1fe99a9cf0?s=96&d=mm&r=g\",\"contentUrl\":\"https:\/\/secure.gravatar.com\/avatar\/61d5af579676812bc527a04c7d7610da3e78bf497470cb50f89e0f1fe99a9cf0?s=96&d=mm&r=g\",\"caption\":\"nerjaparadiserentals\"},\"url\":\"https:\/\/nerjaparadiserentals.com\/blog\/es\/author\/nerjaparadiserentals\/\"}]}<\/script>\n<!-- \/ Yoast SEO plugin. -->","yoast_head_json":{"title":"Cruces de Mayo en Nerja 2026 - Blog","robots":{"index":"index","follow":"follow","max-snippet":"max-snippet:-1","max-image-preview":"max-image-preview:large","max-video-preview":"max-video-preview:-1"},"canonical":"https:\/\/nerjaparadiserentals.com\/blog\/es\/cruces-de-mayo-en-nerja-2026\/","og_locale":"es_ES","og_type":"article","og_title":"Cruces de Mayo en Nerja 2026 - Blog","og_description":"Durante el d\u00eda del 3 de mayo, vecinos y visitantes pueden recorrer el municipio siguiendo un itinerario lleno de arte, m\u00fasica y ambiente festivo, disfrutando adem\u00e1s de actuaciones en directo y gastronom\u00eda local. Te invitamos a descubrir cada una de las cruces.","og_url":"https:\/\/nerjaparadiserentals.com\/blog\/es\/cruces-de-mayo-en-nerja-2026\/","og_site_name":"Blog","article_published_time":"2026-04-30T10:01:32+00:00","article_modified_time":"2026-04-30T19:13:26+00:00","og_image":[{"width":2000,"height":1496,"url":"https:\/\/nerjaparadiserentals.com\/blog\/wp-content\/uploads\/2026\/04\/npr-dia-de-la-cruz.jpg","type":"image\/jpeg"}],"author":"nerjaparadiserentals","twitter_card":"summary_large_image","twitter_misc":{"Escrito por":"nerjaparadiserentals","Tiempo de lectura":"1 minuto"},"schema":{"@context":"https:\/\/schema.org","@graph":[{"@type":"WebPage","@id":"https:\/\/nerjaparadiserentals.com\/blog\/es\/cruces-de-mayo-en-nerja-2026\/","url":"https:\/\/nerjaparadiserentals.com\/blog\/es\/cruces-de-mayo-en-nerja-2026\/","name":"Cruces de Mayo en Nerja 2026 - Blog","isPartOf":{"@id":"https:\/\/nerjaparadiserentals.com\/blog\/es\/#website"},"datePublished":"2026-04-30T10:01:32+00:00","dateModified":"2026-04-30T19:13:26+00:00","author":{"@id":"https:\/\/nerjaparadiserentals.com\/blog\/es\/#\/schema\/person\/b173d3c9fb74671dec711c04eaff3616"},"breadcrumb":{"@id":"https:\/\/nerjaparadiserentals.com\/blog\/es\/cruces-de-mayo-en-nerja-2026\/#breadcrumb"},"inLanguage":"es","potentialAction":[{"@type":"ReadAction","target":["https:\/\/nerjaparadiserentals.com\/blog\/es\/cruces-de-mayo-en-nerja-2026\/"]}]},{"@type":"BreadcrumbList","@id":"https:\/\/nerjaparadiserentals.com\/blog\/es\/cruces-de-mayo-en-nerja-2026\/#breadcrumb","itemListElement":[{"@type":"ListItem","position":1,"name":"Portada","item":"https:\/\/nerjaparadiserentals.com\/blog\/es\/"},{"@type":"ListItem","position":2,"name":"Cruces de Mayo en Nerja 2026"}]},{"@type":"WebSite","@id":"https:\/\/nerjaparadiserentals.com\/blog\/es\/#website","url":"https:\/\/nerjaparadiserentals.com\/blog\/es\/","name":"Nerja Villas and Apartments for rent in the Costa del Sol, Spain","description":"Villas y apartamentos en alquiler en la Costa del Sol, Espa\u00f1a","potentialAction":[{"@type":"SearchAction","target":{"@type":"EntryPoint","urlTemplate":"https:\/\/nerjaparadiserentals.com\/blog\/es\/?s={search_term_string}"},"query-input":"required name=search_term_string"}],"inLanguage":"es"},{"@type":"Person","@id":"https:\/\/nerjaparadiserentals.com\/blog\/es\/#\/schema\/person\/b173d3c9fb74671dec711c04eaff3616","name":"nerjaparadiserentals","image":{"@type":"ImageObject","inLanguage":"es","@id":"https:\/\/nerjaparadiserentals.com\/blog\/es\/#\/schema\/person\/image\/","url":"https:\/\/secure.gravatar.com\/avatar\/61d5af579676812bc527a04c7d7610da3e78bf497470cb50f89e0f1fe99a9cf0?s=96&d=mm&r=g","contentUrl":"https:\/\/secure.gravatar.com\/avatar\/61d5af579676812bc527a04c7d7610da3e78bf497470cb50f89e0f1fe99a9cf0?s=96&d=mm&r=g","caption":"nerjaparadiserentals"},"url":"https:\/\/nerjaparadiserentals.com\/blog\/es\/author\/nerjaparadiserentals\/"}]}},"_links":{"self":[{"href":"https:\/\/nerjaparadiserentals.com\/blog\/es\/wp-json\/wp\/v2\/posts\/958","targetHints":{"allow":["GET"]}}],"collection":[{"href":"https:\/\/nerjaparadiserentals.com\/blog\/es\/wp-json\/wp\/v2\/posts"}],"about":[{"href":"https:\/\/nerjaparadiserentals.com\/blog\/es\/wp-json\/wp\/v2\/types\/post"}],"author":[{"embeddable":true,"href":"https:\/\/nerjaparadiserentals.com\/blog\/es\/wp-json\/wp\/v2\/users\/2"}],"replies":[{"embeddable":true,"href":"https:\/\/nerjaparadiserentals.com\/blog\/es\/wp-json\/wp\/v2\/comments?post=958"}],"version-history":[{"count":7,"href":"https:\/\/nerjaparadiserentals.com\/blog\/es\/wp-json\/wp\/v2\/posts\/958\/revisions"}],"predecessor-version":[{"id":968,"href":"https:\/\/nerjaparadiserentals.com\/blog\/es\/wp-json\/wp\/v2\/posts\/958\/revisions\/968"}],"wp:featuredmedia":[{"embeddable":true,"href":"https:\/\/nerjaparadiserentals.com\/blog\/es\/wp-json\/wp\/v2\/media\/963"}],"wp:attachment":[{"href":"https:\/\/nerjaparadiserentals.com\/blog\/es\/wp-json\/wp\/v2\/media?parent=958"}],"wp:term":[{"taxonomy":"category","embeddable":true,"href":"https:\/\/nerjaparadiserentals.com\/blog\/es\/wp-json\/wp\/v2\/categories?post=958"},{"taxonomy":"post_tag","embeddable":true,"href":"https:\/\/nerjaparadiserentals.com\/blog\/es\/wp-json\/wp\/v2\/tags?post=958"}],"curies":[{"name":"wp","href":"https:\/\/api.w.org\/{rel}","templated":true}]}}